{"id":7714,"date":"2026-04-25T11:52:10","date_gmt":"2026-04-25T08:52:10","guid":{"rendered":"https:\/\/mavvo.com.tr\/blog\/?p=7714"},"modified":"2026-04-25T11:53:38","modified_gmt":"2026-04-25T08:53:38","slug":"e-arsiv-ve-e-fatura-nedir","status":"publish","type":"post","link":"https:\/\/mavvo.com.tr\/blog\/e-arsiv-ve-e-fatura-nedir\/","title":{"rendered":"e-Ar\u015fiv ve e-Fatura Rehberi: \u0130mza Zorunlulu\u011fundan Ge\u00e7i\u015f S\u00fcrecine Kadar Bilinmesi Gerekenler"},"content":{"rendered":"\n<p>Dijital d\u00f6n\u00fc\u015f\u00fcm art\u0131k k\u00fc\u00e7\u00fck ve orta \u00f6l\u00e7ekli i\u015fletmelerin de g\u00fcndeminde. \u00d6zellikle muhasebe ve faturalama s\u00fcre\u00e7lerinde ya\u015fanan bu d\u00f6n\u00fc\u015f\u00fcm, i\u015fletmelerin hem zaman hem de <a href=\"https:\/\/mavvo.com.tr\/blog\/uretim-maliyetleri-hesaplama-yontemi\/\" data-internallinksmanager029f6b8e52c=\"35\" title=\"\u00dcretim Maliyetleri ve Maliyet Hesaplama Y\u00f6ntemi\">maliyet<\/a> a\u00e7\u0131s\u0131ndan \u00f6nemli avantajlar elde etmesini sa\u011fl\u0131yor. Bu d\u00f6n\u00fc\u015f\u00fcm\u00fcn en \u00f6nemli par\u00e7alar\u0131ndan biri ise e-Ar\u015fiv ve <a href=\"https:\/\/mavvo.com.tr\/blog\/fatura-e-fatura-arsiv-iade-tevkifatli-otvli-faturalar\/\" data-internallinksmanager029f6b8e52c=\"23\" title=\"Fatura Nedir? Nas\u0131l Kesilir? E-Fatura, E-Ar\u015fiv, \u0130ade, Tevkifatl\u0131, \u00d6tvli Faturalar Hakk\u0131nda Her \u015eey\">e-Fatura<\/a> sistemleri.<\/p>\n\n\n\n<p>Ancak i\u015fin i\u00e7ine \u201cimza zorunlulu\u011fu\u201d, \u201cmali m\u00fch\u00fcr\u201d, \u201centegrat\u00f6r\u201d gibi kavramlar girince, bir\u00e7ok i\u015fletme sahibi i\u00e7in s\u00fcre\u00e7 karma\u015f\u0131k hale gelebiliyor. Bu yaz\u0131da, temel al\u0131narak e-Ar\u015fiv ve <a href=\"https:\/\/mavvo.com.tr\/blog\/fatura-e-fatura-arsiv-iade-tevkifatli-otvli-faturalar\/\" data-internallinksmanager029f6b8e52c=\"23\" title=\"Fatura Nedir? Nas\u0131l Kesilir? E-Fatura, E-Ar\u015fiv, \u0130ade, Tevkifatl\u0131, \u00d6tvli Faturalar Hakk\u0131nda Her \u015eey\">e-Fatura<\/a> konular\u0131n\u0131 sade, anla\u015f\u0131l\u0131r ve ger\u00e7ek kullan\u0131c\u0131 deneyimine yak\u0131n bir dille ele al\u0131yoruz.<\/p>\n\n\n\n<h2 class=\"wp-block-heading\">e-Ar\u015fiv Fatura Nedir ve Neden \u00d6nemlidir?<\/h2>\n\n\n\n<p>e-Ar\u015fiv <a href=\"https:\/\/mavvo.com.tr\/blog\/fatura-e-fatura-arsiv-iade-tevkifatli-otvli-faturalar\/\" data-internallinksmanager029f6b8e52c=\"23\" title=\"Fatura Nedir? Nas\u0131l Kesilir? E-Fatura, E-Ar\u015fiv, \u0130ade, Tevkifatl\u0131, \u00d6tvli Faturalar Hakk\u0131nda Her \u015eey\">fatura<\/a>, dijital ortamda olu\u015fturulan ve saklanan modern bir <a href=\"https:\/\/mavvo.com.tr\/blog\/fatura-e-fatura-arsiv-iade-tevkifatli-otvli-faturalar\/\" data-internallinksmanager029f6b8e52c=\"23\" title=\"Fatura Nedir? Nas\u0131l Kesilir? E-Fatura, E-Ar\u015fiv, \u0130ade, Tevkifatl\u0131, \u00d6tvli Faturalar Hakk\u0131nda Her \u015eey\">fatura<\/a> t\u00fcr\u00fc olmas\u0131n\u0131n \u00f6tesinde, i\u015fletmelerin muhasebe s\u00fcre\u00e7lerini daha h\u0131zl\u0131, d\u00fczenli ve s\u00fcrd\u00fcr\u00fclebilir hale getiren \u00f6nemli bir dijital d\u00f6n\u00fc\u015f\u00fcm arac\u0131d\u0131r. \u00d6zellikle <a href=\"https:\/\/mavvo.com.tr\/blog\/fatura-e-fatura-arsiv-iade-tevkifatli-otvli-faturalar\/\" data-internallinksmanager029f6b8e52c=\"23\" title=\"Fatura Nedir? Nas\u0131l Kesilir? E-Fatura, E-Ar\u015fiv, \u0130ade, Tevkifatl\u0131, \u00d6tvli Faturalar Hakk\u0131nda Her \u015eey\">e-Fatura<\/a> sistemine kay\u0131tl\u0131 olmayan m\u00fc\u015fterilere <a href=\"https:\/\/mavvo.com.tr\/blog\/fatura-e-fatura-arsiv-iade-tevkifatli-otvli-faturalar\/\" data-internallinksmanager029f6b8e52c=\"23\" title=\"Fatura Nedir? Nas\u0131l Kesilir? E-Fatura, E-Ar\u015fiv, \u0130ade, Tevkifatl\u0131, \u00d6tvli Faturalar Hakk\u0131nda Her \u015eey\">fatura<\/a> kesilmesi gerekti\u011finde devreye girer ve bu y\u00f6n\u00fcyle olduk\u00e7a geni\u015f bir kullan\u0131m alan\u0131na sahiptir.<\/p>\n\n\n\n<p>Geleneksel ka\u011f\u0131t faturalarla kar\u015f\u0131la\u015ft\u0131r\u0131ld\u0131\u011f\u0131nda e-Ar\u015fiv faturalar\u0131n sundu\u011fu avantajlar sadece dijital olmas\u0131yla s\u0131n\u0131rl\u0131 de\u011fildir. Bu sistem, ba\u015ftan sona dijital bir i\u015f ak\u0131\u015f\u0131 sunarak hem operasyonel y\u00fck\u00fc azalt\u0131r hem de hata riskini minimuma indirir. \u00d6rne\u011fin bir e-Ar\u015fiv <a href=\"https:\/\/mavvo.com.tr\/blog\/fatura-e-fatura-arsiv-iade-tevkifatli-otvli-faturalar\/\" data-internallinksmanager029f6b8e52c=\"23\" title=\"Fatura Nedir? Nas\u0131l Kesilir? E-Fatura, E-Ar\u015fiv, \u0130ade, Tevkifatl\u0131, \u00d6tvli Faturalar Hakk\u0131nda Her \u015eey\">fatura<\/a> olu\u015fturulurken manuel veri giri\u015finden kaynaklanan hatalar azal\u0131r, \u00e7\u00fcnk\u00fc bir\u00e7ok sistem otomatik veri \u00e7ekme ve do\u011frulama \u00f6zelliklerine sahiptir. e-Ar\u015fiv faturalar:<\/p>\n\n\n\n<ul class=\"wp-block-list\">\n<li>Tamamen dijital ortamda haz\u0131rlan\u0131r ve manuel i\u015flem ihtiyac\u0131n\u0131 azalt\u0131r<\/li>\n\n\n\n<li>E-posta veya farkl\u0131 dijital kanallar arac\u0131l\u0131\u011f\u0131yla an\u0131nda iletilebilir<\/li>\n\n\n\n<li>Vergi mevzuat\u0131na uygun \u015fekilde uzun y\u0131llar boyunca g\u00fcvenli bi\u00e7imde saklanabilir<\/li>\n\n\n\n<li>Bulut sistemler sayesinde istenildi\u011fi an kolayca eri\u015filebilir ve yeniden g\u00f6r\u00fcnt\u00fclenebilir<\/li>\n<\/ul>\n\n\n\n<p>Bu \u00f6zellikler \u00f6zellikle yo\u011fun i\u015flem hacmine sahip i\u015fletmeler i\u00e7in b\u00fcy\u00fck bir avantaj sa\u011flar. \u00d6rne\u011fin g\u00fcnl\u00fck y\u00fczlerce sipari\u015f alan bir <a href=\"https:\/\/mavvo.com.tr\/pazaryeri-entegrasyonu\/\" data-internallinksmanager029f6b8e52c=\"12\" title=\"Pazaryeri Entegrasyonu\">e-ticaret<\/a> i\u015fletmesi i\u00e7in her faturay\u0131 yazd\u0131rmak, zarflamak ve kargoya vermek ciddi bir zaman ve <a href=\"https:\/\/mavvo.com.tr\/blog\/uretim-maliyetleri-hesaplama-yontemi\/\" data-internallinksmanager029f6b8e52c=\"35\" title=\"\u00dcretim Maliyetleri ve Maliyet Hesaplama Y\u00f6ntemi\">maliyet<\/a> y\u00fck\u00fc olu\u015fturur. e-Ar\u015fiv sistemi sayesinde bu s\u00fcre\u00e7 tamamen otomatik hale gelir.<\/p>\n\n\n\n<p>Ayr\u0131ca e-Ar\u015fiv fatura, m\u00fc\u015fteri deneyimini de do\u011frudan etkiler. M\u00fc\u015fteriler faturalar\u0131na an\u0131nda e-posta \u00fczerinden ula\u015fabilir, kaybolma riski ortadan kalkar ve gerekti\u011finde kolayca tekrar indirebilir. Bu da \u00f6zellikle online al\u0131\u015fveri\u015flerde kullan\u0131c\u0131 memnuniyetini art\u0131ran \u00f6nemli bir fakt\u00f6rd\u00fcr.<\/p>\n\n\n\n<p>Bir di\u011fer \u00f6nemli nokta ise yasal uyumluluktur. T\u00fcrkiye\u2019de belirli kriterleri sa\u011flayan i\u015fletmeler i\u00e7in e-Ar\u015fiv fatura kullan\u0131m\u0131 zorunlu hale getirilmi\u015ftir. Bu nedenle sistem yaln\u0131zca bir kolayl\u0131k de\u011fil, ayn\u0131 zamanda bir gereklilik haline gelmi\u015ftir.<\/p>\n\n\n\n<p>\u00d6zellikle <a href=\"https:\/\/mavvo.com.tr\/pazaryeri-entegrasyonu\/\" data-internallinksmanager029f6b8e52c=\"12\" title=\"Pazaryeri Entegrasyonu\">e-ticaret<\/a> yapan firmalar i\u00e7in e-Ar\u015fiv fatura neredeyse vazge\u00e7ilmezdir. \u00c7\u00fcnk\u00fc bu i\u015fletmeler genellikle bireysel m\u00fc\u015fterilere sat\u0131\u015f yapar ve bu m\u00fc\u015fterilerin b\u00fcy\u00fck \u00e7o\u011funlu\u011fu e-Fatura sistemine kay\u0131tl\u0131 de\u011fildir. \u0130\u015fte tam bu noktada e-Ar\u015fiv fatura devreye girer ve i\u015fletmenin t\u00fcm m\u00fc\u015fterilerine yasal, h\u0131zl\u0131 ve d\u00fczenli \u015fekilde fatura kesebilmesini sa\u011flar.<\/p>\n\n\n\n<h2 class=\"wp-block-heading\">e-Ar\u015fiv Faturada \u0130mza Zorunlulu\u011fu Ne Demektir?<\/h2>\n\n\n\n<p>Bu konu, en \u00e7ok kafa kar\u0131\u015ft\u0131ran ba\u015fl\u0131klar\u0131n ba\u015f\u0131nda gelir. \u00c7\u00fcnk\u00fc \u201cimza\u201d denildi\u011finde \u00e7o\u011fu ki\u015fi h\u00e2l\u00e2 \u0131slak imzay\u0131 d\u00fc\u015f\u00fcn\u00fcr. Oysa dijital d\u00fcnyada i\u015fler biraz farkl\u0131 ilerler.<\/p>\n\n\n\n<h3 class=\"wp-block-heading\">Dijital \u0130mza ve Mali M\u00fch\u00fcr Nedir?<\/h3>\n\n\n\n<p>e-Ar\u015fiv faturada imza, faturan\u0131n do\u011frulu\u011funu ve b\u00fct\u00fcnl\u00fc\u011f\u00fcn\u00fc garanti alt\u0131na almak i\u00e7in kullan\u0131lan dijital bir g\u00fcvenlik unsurudur. Bu, genellikle \u015fu iki \u015fekilde kar\u015f\u0131m\u0131za \u00e7\u0131kar:<\/p>\n\n\n\n<ul class=\"wp-block-list\">\n<li>Elektronik imza (e-imza)<\/li>\n\n\n\n<li>Mali m\u00fch\u00fcr<\/li>\n<\/ul>\n\n\n\n<p>Ancak burada kritik bir detay var. Her e-Ar\u015fiv faturada imza zorunlu de\u011fildir.<\/p>\n\n\n\n<h2 class=\"wp-block-heading\">Hangi Durumlarda \u0130mza Gerekmez?<\/h2>\n\n\n\n<p>e-Ar\u015fiv faturada imza gereklili\u011fi, kullan\u0131lan sistemin altyap\u0131s\u0131na g\u00f6re de\u011fi\u015fir. \u00d6zellikle <a href=\"https:\/\/gib.gov.tr\/\" target=\"_blank\" rel=\"noopener\">Gelir \u0130daresi Ba\u015fkanl\u0131\u011f\u0131\u2019n\u0131n<\/a> sundu\u011fu resmi portal \u00fczerinden i\u015flem yap\u0131ld\u0131\u011f\u0131nda s\u00fcre\u00e7 olduk\u00e7a sade ilerler. E\u011fer faturalar do\u011frudan G\u0130B portal\u0131 \u00fczerinden olu\u015fturuluyorsa:<\/p>\n\n\n\n<ul class=\"wp-block-list\">\n<li>Sistem, devlet altyap\u0131s\u0131 \u00fczerinde \u00e7al\u0131\u015ft\u0131\u011f\u0131 i\u00e7in gerekli t\u00fcm g\u00fcvenlik ve do\u011frulama mekanizmalar\u0131n\u0131 zaten i\u00e7erir<\/li>\n\n\n\n<li>Faturan\u0131n b\u00fct\u00fcnl\u00fc\u011f\u00fc ve ge\u00e7erlili\u011fi otomatik olarak sa\u011flan\u0131r<\/li>\n\n\n\n<li>Kullan\u0131c\u0131lar\u0131n ayr\u0131ca mali m\u00fch\u00fcr veya elektronik imza kullanmas\u0131na gerek kalmaz<\/li>\n<\/ul>\n\n\n\n<p>Bu durum, \u00f6zellikle k\u00fc\u00e7\u00fck \u00f6l\u00e7ekli i\u015fletmeler veya d\u00fc\u015f\u00fck hacimde fatura kesen kullan\u0131c\u0131lar i\u00e7in b\u00fcy\u00fck bir kolayl\u0131k sa\u011flar. Ekstra teknik bilgiye ihtiya\u00e7 duyulmadan, h\u0131zl\u0131 ve maliyetsiz bir \u015fekilde e-Ar\u015fiv fatura olu\u015fturulabilir.<\/p>\n\n\n\n<figure class=\"wp-block-image size-large is-resized\"><img data-dominant-color=\"b7c3d2\" data-has-transparency=\"false\" fetchpriority=\"high\" decoding=\"async\" width=\"1024\" height=\"512\" sizes=\"(max-width: 1024px) 100vw, 1024px\" src=\"https:\/\/mavvo.com.tr\/blog\/wp-content\/uploads\/2026\/04\/e-arsiv-e-fatura-1024x512.webp\" alt=\"\" class=\"wp-image-7716 not-transparent\" style=\"--dominant-color: #b7c3d2; width:550px;height:auto\" title=\"\" srcset=\"https:\/\/mavvo.com.tr\/blog\/wp-content\/uploads\/2026\/04\/e-arsiv-e-fatura-1024x512.webp 1024w, https:\/\/mavvo.com.tr\/blog\/wp-content\/uploads\/2026\/04\/e-arsiv-e-fatura-300x150.webp 300w, https:\/\/mavvo.com.tr\/blog\/wp-content\/uploads\/2026\/04\/e-arsiv-e-fatura-768x384.webp 768w, https:\/\/mavvo.com.tr\/blog\/wp-content\/uploads\/2026\/04\/e-arsiv-e-fatura-1536x768.webp 1536w, https:\/\/mavvo.com.tr\/blog\/wp-content\/uploads\/2026\/04\/e-arsiv-e-fatura-2048x1024.webp 2048w, https:\/\/mavvo.com.tr\/blog\/wp-content\/uploads\/2026\/04\/e-arsiv-e-fatura-450x225.webp 450w, https:\/\/mavvo.com.tr\/blog\/wp-content\/uploads\/2026\/04\/e-arsiv-e-fatura-780x390.webp 780w, https:\/\/mavvo.com.tr\/blog\/wp-content\/uploads\/2026\/04\/e-arsiv-e-fatura-1600x800.webp 1600w\" \/><\/figure>\n\n\n\n<h2 class=\"wp-block-heading\">Hangi Durumlarda \u0130mza Gerekebilir?<\/h2>\n\n\n\n<p>\u0130\u015fletmeler b\u00fcy\u00fcd\u00fck\u00e7e ve fatura s\u00fcre\u00e7leri daha karma\u015f\u0131k hale geldik\u00e7e, genellikle \u00f6zel entegrat\u00f6r \u00e7\u00f6z\u00fcmlerine y\u00f6nelirler. \u0130\u015fte bu noktada imza ve mali m\u00fch\u00fcr konusu devreye girebilir. E\u011fer \u00f6zel entegrat\u00f6r kullan\u0131yorsan\u0131z:<\/p>\n\n\n\n<ul class=\"wp-block-list\">\n<li>Baz\u0131 durumlarda mali m\u00fch\u00fcr kullan\u0131lmas\u0131 gerekebilir<\/li>\n\n\n\n<li>Bu gereklilik, kullan\u0131lan sistemin teknik altyap\u0131s\u0131na ve entegrat\u00f6r\u00fcn sundu\u011fu hizmet modeline ba\u011fl\u0131d\u0131r<\/li>\n\n\n\n<li>Ama\u00e7, veri g\u00fcvenli\u011fini art\u0131rmak ve faturalar\u0131n de\u011fi\u015ftirilemezli\u011fini garanti alt\u0131na almakt\u0131r<\/li>\n<\/ul>\n\n\n\n<p>\u00d6rne\u011fin D\u0130A Yaz\u0131l\u0131m gibi geli\u015fmi\u015f entegrat\u00f6r platformlar\u0131, e-Ar\u015fiv ve e-Fatura s\u00fcre\u00e7lerini u\u00e7tan uca y\u00f6netirken ayn\u0131 zamanda g\u00fcvenlik standartlar\u0131n\u0131 da \u00fcst seviyede tutar. Bu t\u00fcr sistemlerde mali m\u00fch\u00fcr kullan\u0131m\u0131, yaln\u0131zca bir zorunluluk de\u011fil, ayn\u0131 zamanda i\u015fletmenin dijital g\u00fcvenli\u011fini g\u00fc\u00e7lendiren bir unsur olarak de\u011ferlendirilir. Ayr\u0131ca \u00f6zel entegrat\u00f6rler sayesinde:<\/p>\n\n\n\n<ul class=\"wp-block-list\">\n<li>Fatura s\u00fcre\u00e7leri otomatikle\u015ftirilir<\/li>\n\n\n\n<li>Y\u00fcksek hacimli i\u015flemler kolayca y\u00f6netilir<\/li>\n\n\n\n<li>\u0130nsan kaynakl\u0131 hatalar minimize edilir<\/li>\n<\/ul>\n\n\n\n<p>e-Ar\u015fiv faturada imza konusu, \u00e7o\u011fu i\u015fletme i\u00e7in ilk bak\u0131\u015fta karma\u015f\u0131k g\u00f6r\u00fcnebilir. Ancak asl\u0131nda sistem olduk\u00e7a mant\u0131kl\u0131 ve ihtiyaca g\u00f6re esnek bir yap\u0131 sunar. Buradaki temel ama\u00e7, her faturan\u0131n g\u00fcvenli, do\u011frulanabilir ve yasal olarak ge\u00e7erli olmas\u0131n\u0131 sa\u011flamakt\u0131r.<\/p>\n\n\n\n<p>\u00d6ncelikle \u015funu netle\u015ftirelim: e-Ar\u015fiv faturada her durumda fiziksel ya da dijital imza zorunlu de\u011fildir. Bu durum tamamen faturan\u0131n hangi y\u00f6ntemle olu\u015fturuldu\u011funa ba\u011fl\u0131 olarak de\u011fi\u015fir.<\/p>\n\n\n\n<p>Gelir \u0130daresi Ba\u015fkanl\u0131\u011f\u0131 (G\u0130B) portal\u0131 kullan\u0131ld\u0131\u011f\u0131nda, sistem zaten devlet altyap\u0131s\u0131 \u00fczerinden \u00e7al\u0131\u015ft\u0131\u011f\u0131 i\u00e7in gerekli t\u00fcm g\u00fcvenlik kontrolleri otomatik olarak sa\u011flan\u0131r. Bu nedenle kullan\u0131c\u0131lar\u0131n ayr\u0131ca mali m\u00fch\u00fcr ya da elektronik imza kullanmas\u0131na gerek kalmaz. \u00d6zellikle d\u00fc\u015f\u00fck hacimli fatura kesen i\u015fletmeler i\u00e7in bu y\u00f6ntem olduk\u00e7a pratik ve maliyetsizdir.<\/p>\n\n\n\n<p>Buna kar\u015f\u0131l\u0131k, \u00f6zel entegrat\u00f6rler arac\u0131l\u0131\u011f\u0131yla e-Ar\u015fiv fatura kesildi\u011finde, kullan\u0131lan sistemin yap\u0131s\u0131na ba\u011fl\u0131 olarak mali m\u00fch\u00fcr veya elektronik imza devreye girebilir. \u00d6zellikle daha y\u00fcksek i\u015flem hacmine sahip i\u015fletmeler, s\u00fcre\u00e7lerini otomatikle\u015ftirmek ve h\u0131zland\u0131rmak i\u00e7in bu y\u00f6ntemi tercih eder.<\/p>\n\n\n\n<p>Bu noktada D\u0130A Yaz\u0131l\u0131m gibi \u00f6zel entegrat\u00f6rler devreye girer. D\u0130A gibi platformlar, e-Ar\u015fiv ve e-Fatura s\u00fcre\u00e7lerini tek panel \u00fczerinden y\u00f6netme imk\u00e2n\u0131 sunarak hem operasyonel verimlili\u011fi art\u0131r\u0131r hem de teknik detaylar\u0131 kullan\u0131c\u0131 ad\u0131na sadele\u015ftirir. Ayr\u0131ca bu t\u00fcr sistemlerde mali m\u00fch\u00fcr kullan\u0131m\u0131, veri g\u00fcvenli\u011fi ve yasal uyumluluk a\u00e7\u0131s\u0131ndan ekstra bir g\u00fcven katman\u0131 sa\u011flar.<\/p>\n\n\n\n<ul class=\"wp-block-list\">\n<li>G\u0130B portal\u0131 kullan\u0131l\u0131yorsa ekstra imza gerekmez, sistem bunu otomatik olarak y\u00f6netir<\/li>\n\n\n\n<li>D\u0130A gibi \u00f6zel entegrat\u00f6rler kullan\u0131l\u0131yorsa imza veya mali m\u00fch\u00fcr ihtiyac\u0131 sistem ve kullan\u0131m \u015fekline g\u00f6re de\u011fi\u015febilir<\/li>\n\n\n\n<li>Temel ama\u00e7 faturalar\u0131n g\u00fcvenli, de\u011fi\u015ftirilemez ve do\u011frulanabilir olmas\u0131n\u0131 sa\u011flamakt\u0131r<\/li>\n<\/ul>\n\n\n\n<p>Bu yap\u0131 sayesinde hem k\u00fc\u00e7\u00fck i\u015fletmeler hem de b\u00fcy\u00fcmekte olan firmalar, ihtiya\u00e7lar\u0131na en uygun sistemi se\u00e7erek hem yasal y\u00fck\u00fcml\u00fcl\u00fcklerini yerine getirir hem de i\u015f s\u00fcre\u00e7lerini daha profesyonel bir \u015fekilde y\u00f6netebilir.<\/p>\n\n\n\n<h2 class=\"wp-block-heading\">e-Fatura Nedir ve Nas\u0131l \u00c7al\u0131\u015f\u0131r?<\/h2>\n\n\n\n<p><a href=\"https:\/\/mavvo.com.tr\/e-fatura\/\">e-Fatura<\/a>, yaln\u0131zca sisteme kay\u0131tl\u0131 m\u00fckellefler aras\u0131nda kullan\u0131lan kapal\u0131 bir fatura sistemidir. Bu sistemde:<\/p>\n\n\n\n<ul class=\"wp-block-list\">\n<li>Fatura do\u011frudan G\u0130B \u00fczerinden iletilir<\/li>\n\n\n\n<li>Al\u0131c\u0131 ve sat\u0131c\u0131 sistemde kay\u0131tl\u0131d\u0131r<\/li>\n\n\n\n<li>Ka\u011f\u0131t fatura tamamen ortadan kalkar<\/li>\n<\/ul>\n\n\n\n<p>Yani e-Fatura, daha \u00e7ok i\u015fletmeden i\u015fletmeye (B2B) i\u015flemlerde kullan\u0131l\u0131r.<\/p>\n\n\n\n<figure class=\"wp-block-embed is-type-video is-provider-youtube wp-block-embed-youtube wp-embed-aspect-16-9 wp-has-aspect-ratio\"><div class=\"wp-block-embed__wrapper\">\n<iframe title=\"e-Fatura ve e-Ar\u015fiv Fatura nedir?\" width=\"1170\" height=\"658\" src=\"https:\/\/www.youtube.com\/embed\/75XrpCE-vzc?feature=oembed\" frameborder=\"0\" allow=\"accelerometer; autoplay; clipboard-write; encrypted-media; gyroscope; picture-in-picture; web-share\" referrerpolicy=\"strict-origin-when-cross-origin\" allowfullscreen><\/iframe>\n<\/div><\/figure>\n\n\n\n<h2 class=\"wp-block-heading\">e-Ar\u015fiv ve e-Fatura Aras\u0131ndaki Temel Farklar<\/h2>\n\n\n\n<p>Bu iki sistem s\u0131k s\u0131k kar\u0131\u015ft\u0131r\u0131lsa da asl\u0131nda olduk\u00e7a farkl\u0131d\u0131r. \u0130\u015fte en net ayr\u0131mlar:<\/p>\n\n\n\n<p><strong>Kullan\u0131m Alan\u0131<\/strong><\/p>\n\n\n\n<ul class=\"wp-block-list\">\n<li>e-Fatura: Sadece kay\u0131tl\u0131 m\u00fckellefler aras\u0131nda kullan\u0131l\u0131r<\/li>\n\n\n\n<li>e-Ar\u015fiv: Herkese (bireysel m\u00fc\u015fteriler dahil) kesilebilir<\/li>\n<\/ul>\n\n\n\n<p><strong>\u0130letim \u015eekli<\/strong><\/p>\n\n\n\n<ul class=\"wp-block-list\">\n<li>e-Fatura: G\u0130B sistemi \u00fczerinden iletilir<\/li>\n\n\n\n<li>e-Ar\u015fiv: E-posta, PDF veya \u00e7\u0131kt\u0131 olarak g\u00f6nderilebilir<\/li>\n<\/ul>\n\n\n\n<p><strong>Esneklik<\/strong><\/p>\n\n\n\n<ul class=\"wp-block-list\">\n<li>e-Fatura: Daha s\u0131n\u0131rl\u0131 ve kurall\u0131 bir yap\u0131<\/li>\n\n\n\n<li>e-Ar\u015fiv: Daha esnek ve farkl\u0131 senaryolara uygun<\/li>\n<\/ul>\n\n\n\n<p><strong>Kullan\u0131m Senaryosu<\/strong><\/p>\n\n\n\n<ul class=\"wp-block-list\">\n<li>e-Fatura: \u015eirketler aras\u0131 (B2B) i\u015flemler<\/li>\n\n\n\n<li>e-Ar\u015fiv: Bireysel m\u00fc\u015fterilere yap\u0131lan sat\u0131\u015flar<\/li>\n<\/ul>\n\n\n\n<p><strong>Y\u00f6netim Kolayl\u0131\u011f\u0131<\/strong><\/p>\n\n\n\n<ul class=\"wp-block-list\">\n<li>Her iki sistem de D\u0130A Yaz\u0131l\u0131m gibi platformlar \u00fczerinden tek panelden y\u00f6netilebilir<\/li>\n<\/ul>\n\n\n\n<p>Bu farklar\u0131 bilmek, yanl\u0131\u015f fatura kesmenin \u00f6n\u00fcne ge\u00e7er ve yasal uyumluluk a\u00e7\u0131s\u0131ndan kritik \u00f6nem ta\u015f\u0131r.<\/p>\n\n\n\n<h2 class=\"wp-block-heading\">Kimler e-Ar\u015fiv Fatura Kullanmak Zorundad\u0131r?<\/h2>\n\n\n\n<p>T\u00fcrkiye\u2019de belirli kriterleri sa\u011flayan i\u015fletmeler i\u00e7in e-Ar\u015fiv fatura zorunlu hale getirilmi\u015ftir.<\/p>\n\n\n\n<p>Genel olarak:<\/p>\n\n\n\n<ul class=\"wp-block-list\">\n<li>Belirli bir ciroyu a\u015fan firmalar<\/li>\n\n\n\n<li><a href=\"https:\/\/mavvo.com.tr\/pazaryeri-entegrasyonu\/\" data-internallinksmanager029f6b8e52c=\"12\" title=\"Pazaryeri Entegrasyonu\">E-ticaret<\/a> yapan i\u015fletmeler<\/li>\n\n\n\n<li>Online sat\u0131\u015f ger\u00e7ekle\u015ftiren \u015firketler<\/li>\n<\/ul>\n\n\n\n<p>Bu kriterler her y\u0131l g\u00fcncellenebilir. Bu nedenle i\u015fletmelerin g\u00fcncel mevzuat\u0131 takip etmesi gerekir.<\/p>\n\n\n\n<h2 class=\"wp-block-heading\">e-Ar\u015fiv Fatura Nas\u0131l G\u00f6nderilir?<\/h2>\n\n\n\n<p>e-Ar\u015fiv faturalar\u0131n g\u00f6nderimi olduk\u00e7a pratiktir. \u0130\u015fletmeler farkl\u0131 y\u00f6ntemleri tercih edebilir:<\/p>\n\n\n\n<ul class=\"wp-block-list\">\n<li>E-posta ile g\u00f6nderim<\/li>\n\n\n\n<li>PDF olarak payla\u015f\u0131m<\/li>\n\n\n\n<li>Fiziki \u00e7\u0131kt\u0131 teslimi<\/li>\n<\/ul>\n\n\n\n<p>Bu esneklik, \u00f6zellikle m\u00fc\u015fteri deneyimi a\u00e7\u0131s\u0131ndan b\u00fcy\u00fck avantaj sa\u011flar.<\/p>\n\n\n\n<h2 class=\"wp-block-heading\">e-Ar\u015fiv Fatura \u0130ptal Edilebilir mi?<\/h2>\n\n\n\n<p>Evet, e-Ar\u015fiv faturalar belirli s\u00fcreler i\u00e7inde iptal edilebilir.<\/p>\n\n\n\n<p>Ancak:<\/p>\n\n\n\n<ul class=\"wp-block-list\">\n<li>\u0130\u015flem G\u0130B kurallar\u0131na uygun yap\u0131lmal\u0131d\u0131r<\/li>\n\n\n\n<li>S\u00fcreler a\u015f\u0131lmamal\u0131d\u0131r<\/li>\n\n\n\n<li>Kay\u0131tlar do\u011fru \u015fekilde tutulmal\u0131d\u0131r<\/li>\n<\/ul>\n\n\n\n<p>Yanl\u0131\u015f kesilen faturalar\u0131n h\u0131zl\u0131ca d\u00fczeltilmesi i\u00e7in bu \u00f6zellik olduk\u00e7a \u00f6nemlidir.<\/p>\n\n\n\n<h2 class=\"wp-block-heading\">e-Ar\u015fiv Faturalar\u0131n Saklama S\u00fcresi<\/h2>\n\n\n\n<p>Vergi mevzuat\u0131na g\u00f6re:&nbsp; e-Ar\u015fiv faturalar en az 10 y\u0131l boyunca saklanmal\u0131d\u0131r. Bu saklama:<\/p>\n\n\n\n<ul class=\"wp-block-list\">\n<li>Dijital ortamda yap\u0131labilir<\/li>\n\n\n\n<li>G\u00fcvenli sunucularda tutulmal\u0131d\u0131r<\/li>\n\n\n\n<li>Denetimlerde eri\u015filebilir olmal\u0131d\u0131r<\/li>\n<\/ul>\n\n\n\n<p>Bu, i\u015fletmelerin ar\u015fivleme maliyetlerini ciddi \u00f6l\u00e7\u00fcde azalt\u0131r.<\/p>\n\n\n\n<h2 class=\"wp-block-heading\">e-Ar\u015fiv Sisteminin Avantajlar\u0131<\/h2>\n\n\n\n<p>Dijital fatura sistemine ge\u00e7menin bir\u00e7ok avantaj\u0131 vard\u0131r:<\/p>\n\n\n\n<h3 class=\"wp-block-heading\">Maliyet Avantaj\u0131<\/h3>\n\n\n\n<ul class=\"wp-block-list\">\n<li>Ka\u011f\u0131t ve bask\u0131 maliyetleri ortadan kalkar<\/li>\n\n\n\n<li>Kargo ve ar\u015fivleme giderleri azal\u0131r<\/li>\n<\/ul>\n\n\n\n<h3 class=\"wp-block-heading\">Zaman Tasarrufu<\/h3>\n\n\n\n<ul class=\"wp-block-list\">\n<li>Fatura olu\u015fturma s\u00fcreci h\u0131zlan\u0131r<\/li>\n\n\n\n<li>An\u0131nda g\u00f6nderim sa\u011flan\u0131r<\/li>\n<\/ul>\n\n\n\n<h3 class=\"wp-block-heading\">G\u00fcvenlik<\/h3>\n\n\n\n<ul class=\"wp-block-list\">\n<li>Dijital kay\u0131tlar daha g\u00fcvenlidir<\/li>\n\n\n\n<li>Veri kayb\u0131 riski azal\u0131r<\/li>\n<\/ul>\n\n\n\n<h3 class=\"wp-block-heading\">Kolay Denetim<\/h3>\n\n\n\n<ul class=\"wp-block-list\">\n<li>T\u00fcm faturalar d\u00fczenli \u015fekilde saklan\u0131r<\/li>\n\n\n\n<li>Denetim s\u00fcre\u00e7leri h\u0131zlan\u0131r<\/li>\n<\/ul>\n\n\n\n<h2 class=\"wp-block-heading\">e-Ar\u015fivden e-Faturaya Ge\u00e7i\u015f S\u00fcreci<\/h2>\n\n\n\n<p>\u0130\u015fletmeler b\u00fcy\u00fcd\u00fck\u00e7e <a href=\"https:\/\/mavvo.com.tr\/blog\/e-fatura-basvurusu-nasil-yapilir\/\">e-Fatura sistemine ge\u00e7i\u015f<\/a> ka\u00e7\u0131n\u0131lmaz hale gelir. Bu s\u00fcre\u00e7 asl\u0131nda d\u00fc\u015f\u00fcn\u00fcld\u00fc\u011f\u00fc kadar zor de\u011fildir.<\/p>\n\n\n\n<h3 class=\"wp-block-heading\">1. Ba\u015fvuru S\u00fcreci<\/h3>\n\n\n\n<p>\u0130lk ad\u0131m:<\/p>\n\n\n\n<ul class=\"wp-block-list\">\n<li>G\u0130B\u2019e ba\u015fvuru yap\u0131l\u0131r<\/li>\n\n\n\n<li>Gerekli belgeler haz\u0131rlan\u0131r<\/li>\n<\/ul>\n\n\n\n<h3 class=\"wp-block-heading\">2. Mali M\u00fch\u00fcr Temini<\/h3>\n\n\n\n<p>Mali m\u00fch\u00fcr:<\/p>\n\n\n\n<ul class=\"wp-block-list\">\n<li>\u015eirketin dijital kimli\u011fidir<\/li>\n\n\n\n<li>G\u00fcvenli i\u015flem yap\u0131lmas\u0131n\u0131 sa\u011flar<\/li>\n<\/ul>\n\n\n\n<h3 class=\"wp-block-heading\">3. Kullan\u0131m Y\u00f6ntemi Se\u00e7imi<\/h3>\n\n\n\n<p>\u0130\u015fletmeler \u00fc\u00e7 y\u00f6ntemden birini se\u00e7er:<\/p>\n\n\n\n<ul class=\"wp-block-list\">\n<li>G\u0130B portal\u0131<\/li>\n\n\n\n<li>\u00d6zel entegrat\u00f6r<\/li>\n\n\n\n<li>Do\u011frudan entegrasyon<\/li>\n<\/ul>\n\n\n\n<p>KOB\u0130\u2019ler genellikle \u00f6zel entegrat\u00f6rleri tercih eder \u00e7\u00fcnk\u00fc:<\/p>\n\n\n\n<ul class=\"wp-block-list\">\n<li>Kullan\u0131m\u0131 kolayd\u0131r<\/li>\n\n\n\n<li>Teknik bilgi gerektirmez<\/li>\n<\/ul>\n\n\n\n<h2 class=\"wp-block-heading\">Ge\u00e7i\u015f S\u00fcrecinde Dikkat Edilmesi Gerekenler<\/h2>\n\n\n\n<h2 class=\"wp-block-heading\">Ba\u015far\u0131l\u0131 Bir e-Fatura Ge\u00e7i\u015fi \u0130\u00e7in Nelere Dikkat Edilmeli?<\/h2>\n\n\n\n<p>e-Ar\u015fivden e-Fatura sistemine ge\u00e7i\u015f, teknik bir s\u00fcre\u00e7 gibi g\u00f6r\u00fcnse de do\u011fru planland\u0131\u011f\u0131nda olduk\u00e7a sorunsuz ilerler. Ancak bu ge\u00e7i\u015fin ba\u015far\u0131l\u0131 olmas\u0131 i\u00e7in baz\u0131 kritik noktalar\u0131n g\u00f6z ard\u0131 edilmemesi gerekir. Aksi halde s\u00fcre\u00e7 uzayabilir, operasyonel aksakl\u0131klar ya\u015fanabilir ve hatta mali hatalar ortaya \u00e7\u0131kabilir.<\/p>\n\n\n\n<p>Ba\u015far\u0131l\u0131 bir ge\u00e7i\u015f i\u00e7in dikkat edilmesi gereken temel unsurlar \u015funlard\u0131r:<\/p>\n\n\n\n<h3 class=\"wp-block-heading\">Mevcut Sistemlerin Uyumlulu\u011fu<\/h3>\n\n\n\n<p>\u0130lk ve en \u00f6nemli ad\u0131m, i\u015fletmenin hali haz\u0131rda kulland\u0131\u011f\u0131 muhasebe, <a href=\"https:\/\/mavvo.com.tr\/blog\/turkiyede-kullanilan-erp-programlari-nelerdir\/\" data-internallinksmanager029f6b8e52c=\"26\" title=\"T\u00fcrkiye\u2019de Kullan\u0131lan ERP Programlar\u0131 Nelerdir? - 2026\">ERP<\/a> veya faturalama sistemlerinin e-Fatura altyap\u0131s\u0131yla uyumlu olup olmad\u0131\u011f\u0131n\u0131 kontrol etmektir.<\/p>\n\n\n\n<ul class=\"wp-block-list\">\n<li>Eski sistemler entegrasyon sorunlar\u0131 yaratabilir<\/li>\n\n\n\n<li>Manuel s\u00fcre\u00e7ler dijital sisteme adapte olmakta zorlanabilir<\/li>\n\n\n\n<li>Veri kayb\u0131 riski olu\u015fabilir<\/li>\n<\/ul>\n\n\n\n<p>Bu noktada D\u0130A Yaz\u0131l\u0131m gibi bulut tabanl\u0131 ve e-d\u00f6n\u00fc\u015f\u00fcm uyumlu \u00e7\u00f6z\u00fcmler, ge\u00e7i\u015f s\u00fcrecini olduk\u00e7a kolayla\u015ft\u0131r\u0131r. \u00c7\u00fcnk\u00fc bu t\u00fcr sistemler genellikle e-Fatura altyap\u0131s\u0131yla tam entegre \u00e7al\u0131\u015facak \u015fekilde tasarlanm\u0131\u015ft\u0131r.<\/p>\n\n\n\n<p>Personelin E\u011fitimi<\/p>\n\n\n\n<p>Teknik altyap\u0131 ne kadar g\u00fc\u00e7l\u00fc olursa olsun, sistemi kullanacak olan ekip bu s\u00fcrece haz\u0131r de\u011filse verimlilik d\u00fc\u015fer.<\/p>\n\n\n\n<ul class=\"wp-block-list\">\n<li>Personelin yeni sisteme adapte olmas\u0131 gerekir<\/li>\n\n\n\n<li>Temel e-Fatura s\u00fcre\u00e7leri iyi anla\u015f\u0131lmal\u0131d\u0131r<\/li>\n\n\n\n<li>Hatal\u0131 i\u015flem riskini azaltmak i\u00e7in e\u011fitim \u015fartt\u0131r<\/li>\n<\/ul>\n\n\n\n<p>K\u0131sa ama etkili e\u011fitimler sayesinde ekipler sisteme h\u0131zl\u0131ca adapte olabilir ve ge\u00e7i\u015f s\u00fcreci \u00e7ok daha sorunsuz ilerler.<\/p>\n\n\n\n<h3 class=\"wp-block-heading\">Veri Aktar\u0131m\u0131n\u0131n Do\u011frulu\u011fu<\/h3>\n\n\n\n<p>Ge\u00e7i\u015f s\u00fcrecinin en kritik a\u015famalar\u0131ndan biri de mevcut verilerin yeni sisteme do\u011fru ve eksiksiz \u015fekilde aktar\u0131lmas\u0131d\u0131r.<\/p>\n\n\n\n<ul class=\"wp-block-list\">\n<li>Cari hesap bilgileri<\/li>\n\n\n\n<li>Fatura ge\u00e7mi\u015fi<\/li>\n\n\n\n<li>\u00dcr\u00fcn ve hizmet kay\u0131tlar\u0131<\/li>\n<\/ul>\n\n\n\n<p>Bu veriler hatal\u0131 aktar\u0131l\u0131rsa, ilerleyen s\u00fcre\u00e7te ciddi muhasebe problemleri ya\u015fanabilir. Bu nedenle veri migrasyonu dikkatle planlanmal\u0131 ve m\u00fcmk\u00fcnse test s\u00fcre\u00e7lerinden ge\u00e7irilmelidir.<\/p>\n\n\n\n<h2 class=\"wp-block-heading\">Neden Bu Ad\u0131mlar Kritik?<\/h2>\n\n\n\n<p>T\u00fcm bu ad\u0131mlar do\u011fru \u015fekilde y\u00f6netilmezse:<\/p>\n\n\n\n<ul class=\"wp-block-list\">\n<li>Ge\u00e7i\u015f s\u00fcreci beklenenden uzun s\u00fcrebilir<\/li>\n\n\n\n<li>Sistemler aras\u0131nda uyumsuzluk ya\u015fanabilir<\/li>\n\n\n\n<li>Faturalama hatalar\u0131 ortaya \u00e7\u0131kabilir<\/li>\n\n\n\n<li>\u0130\u015f s\u00fcre\u00e7lerinde aksama ya\u015fanabilir<\/li>\n<\/ul>\n\n\n\n<p>Ancak do\u011fru planlama ve uygun teknoloji kullan\u0131m\u0131yla bu risklerin tamam\u0131 minimize edilebilir.<\/p>\n\n\n\n<h2 class=\"wp-block-heading\">e-Fatura ve e-Ar\u015fiv Birlikte Nas\u0131l Kullan\u0131l\u0131r?<\/h2>\n\n\n\n<p>Ge\u00e7i\u015f tamamland\u0131ktan sonra sistem \u015fu \u015fekilde i\u015fler:<\/p>\n\n\n\n<ul class=\"wp-block-list\">\n<li>e-Fatura m\u00fckelleflerine \u2192 <a href=\"https:\/\/mavvo.com.tr\/blog\/e-fatura-e-irsaliye-hata-durum-kodlari\/\">e-Fatura<\/a><\/li>\n\n\n\n<li>Di\u011fer m\u00fc\u015fterilere \u2192 e-Ar\u015fiv fatura<\/li>\n<\/ul>\n\n\n\n<p>Yani iki sistem birlikte \u00e7al\u0131\u015f\u0131r ve i\u015fletmeler i\u00e7in maksimum esneklik sa\u011flar.<\/p>\n\n\n\n<h2 class=\"wp-block-heading\">Dijital Fatura Sistemleri Art\u0131k Bir Zorunluluk<\/h2>\n\n\n\n<p>G\u00fcn\u00fcm\u00fcz i\u015f d\u00fcnyas\u0131nda dijitalle\u015fme art\u0131k bir tercih de\u011fil, rekabetin s\u00fcrd\u00fcr\u00fclebilmesi i\u00e7in temel bir gereklilik haline gelmi\u015f durumda. Bu d\u00f6n\u00fc\u015f\u00fcm\u00fcn en \u00f6nemli par\u00e7alar\u0131ndan biri de e-Ar\u015fiv ve e-Fatura sistemleridir. \u0130\u015fletmeler i\u00e7in yaln\u0131zca bir muhasebe arac\u0131 olman\u0131n \u00f6tesine ge\u00e7en bu sistemler, operasyonel s\u00fcre\u00e7lerin merkezinde yer al\u0131r.<\/p>\n\n\n\n<p>\u0130lk bak\u0131\u015fta karma\u015f\u0131k gibi g\u00f6r\u00fcnen imza zorunlulu\u011fu, mali m\u00fch\u00fcr ve entegrasyon s\u00fcre\u00e7leri, asl\u0131nda sistemin g\u00fcvenli\u011fini sa\u011flamak ve ticari i\u015flemleri standart hale getirmek i\u00e7in tasarlanm\u0131\u015ft\u0131r. Bu yap\u0131 sayesinde faturalar sadece h\u0131zl\u0131 de\u011fil, ayn\u0131 zamanda g\u00fcvenli, izlenebilir ve denetlenebilir hale gelir.<\/p>\n\n\n\n<p>Dijital fatura sistemlerini do\u011fru \u015fekilde kullanan i\u015fletmeler \u00f6nemli avantajlar elde eder:<\/p>\n\n\n\n<ul class=\"wp-block-list\">\n<li>Yasal uyumlulu\u011fu sa\u011flar: G\u00fcncel mevzuata uygun hareket ederek cez<a href=\"https:\/\/mavvo.com.tr\/blog\/yapay-zeka-nedir-ai-hakkinda-bilmeniz-gereken-12-sey\/\" data-internallinksmanager029f6b8e52c=\"31\" title=\"Yapay Zeka Nedir: AI Hakk\u0131nda Bilmeniz Gereken 12 \u015eey\">ai<\/a> riskleri ortadan kald\u0131r\u0131r<\/li>\n\n\n\n<li>Operasyonel verimlili\u011fi art\u0131r\u0131r: Manuel i\u015flemleri azaltarak s\u00fcre\u00e7leri h\u0131zland\u0131r\u0131r<\/li>\n\n\n\n<li>Maliyetleri d\u00fc\u015f\u00fcr\u00fcr: Ka\u011f\u0131t, bask\u0131, kargo ve ar\u015fivleme giderlerini minimize eder<\/li>\n\n\n\n<li>Veri kontrol\u00fcn\u00fc g\u00fc\u00e7lendirir: T\u00fcm finansal veriler tek bir sistem \u00fczerinden y\u00f6netilebilir<\/li>\n<\/ul>\n\n\n\n<p>Bu noktada D\u0130A Yaz\u0131l\u0131m gibi geli\u015fmi\u015f \u00e7\u00f6z\u00fcmler, i\u015fletmelere yaln\u0131zca e-Fatura ve e-Ar\u015fiv s\u00fcre\u00e7lerini y\u00f6netme imk\u00e2n\u0131 sunmakla kalmaz, ayn\u0131 zamanda t\u00fcm finansal operasyonlar\u0131 tek bir platformda toplar. Bu da hem zaman tasarrufu sa\u011flar hem de karar alma s\u00fcre\u00e7lerini h\u0131zland\u0131r\u0131r.<\/p>\n\n\n\n<p>\u00d6zellikle b\u00fcy\u00fcmeyi hedefleyen i\u015fletmeler i\u00e7in bu sistemlerin \u00f6nemi daha da artar. Artan i\u015flem hacmi, manuel y\u00f6ntemlerle y\u00f6netilemeyecek bir noktaya gelir ve dijital sistemlere ge\u00e7i\u015f ka\u00e7\u0131n\u0131lmaz olur. Bu nedenle e-Fatura sistemine ge\u00e7i\u015f art\u0131k yaln\u0131zca bir se\u00e7enek de\u011fil, s\u00fcrd\u00fcr\u00fclebilir b\u00fcy\u00fcmenin temel bir par\u00e7as\u0131d\u0131r.<\/p>\n\n\n\n<p>K\u0131sacas\u0131, e-Ar\u015fiv ve e-Fatura sistemleri sayesinde i\u015fletmeler yaln\u0131zca bug\u00fcn\u00fc de\u011fil, gelecekteki b\u00fcy\u00fcmelerini de daha sa\u011flam bir altyap\u0131 \u00fczerine in\u015fa eder. Do\u011fru teknoloji ve do\u011fru entegrasyonla desteklenen bu d\u00f6n\u00fc\u015f\u00fcm, i\u015fletmelere rekabet avantaj\u0131 sa\u011flar. Ayr\u0131ca uzun vadede verimlilik kazand\u0131r\u0131r.<\/p>\n\n\n\n<h2 class=\"wp-block-heading\"><strong>S\u0131k\u00e7a Sorulan Sorular<\/strong><\/h2>\n\n\n\n<h3 class=\"wp-block-heading\"><strong>e-Ar\u015fiv ve e-Fatura s\u00fcre\u00e7lerini birlikte y\u00f6netmek m\u00fcmk\u00fcn m\u00fc?<\/strong><\/h3>\n\n\n\n<p>Evet, e-Ar\u015fiv ve e-Fatura sistemleri birlikte kullan\u0131labilir. \u0130\u015fletmeler, e-Fatura m\u00fckellefi olan m\u00fc\u015fterilerine e-Fatura keserken, di\u011fer m\u00fc\u015fterilerine e-Ar\u015fiv fatura d\u00fczenleyebilir. Bu iki sistemin birlikte ve hatas\u0131z y\u00f6netilmesi i\u00e7in D\u0130A Yaz\u0131l\u0131m gibi \u00e7\u00f6z\u00fcmler olduk\u00e7a b\u00fcy\u00fck kolayl\u0131k sa\u011flar.<\/p>\n\n\n\n<h3 class=\"wp-block-heading\"><strong>Mavvo Bili\u015fim ne i\u015f yapar ve bu s\u00fcre\u00e7te nas\u0131l bir rol oynar?<\/strong><\/h3>\n\n\n\n<p><a href=\"https:\/\/mavvo.com.tr\/\" data-internallinksmanager029f6b8e52c=\"22\" title=\"Mavvo\">Mavvo<\/a> Bili\u015fim, i\u015fletmelerin dijital d\u00f6n\u00fc\u015f\u00fcm s\u00fcre\u00e7lerini kolayla\u015ft\u0131ran yaz\u0131l\u0131m ve <a href=\"https:\/\/mavvo.com.tr\/blog\/erp-danismanligi-nedir\/\" data-internallinksmanager029f6b8e52c=\"32\" title=\"ERP Dan\u0131\u015fmanl\u0131\u011f\u0131 Nedir?\">dan\u0131\u015fman<\/a>l\u0131k hizmetleri sunar. \u00d6zellikle e-Ar\u015fiv ve e-Fatura ge\u00e7i\u015f s\u00fcre\u00e7lerinde teknik destek, kurulum ve entegrasyon hizmetleri sa\u011flayarak i\u015fletmelerin bu s\u00fcreci sorunsuz bir \u015fekilde tamamlamas\u0131na yard\u0131mc\u0131 olur.<\/p>\n\n\n\n<h3 class=\"wp-block-heading\"><strong>D\u0130A Yaz\u0131l\u0131m kullanman\u0131n avantaj\u0131 nedir?<\/strong><\/h3>\n\n\n\n<p>D\u0130A Yaz\u0131l\u0131m, <a href=\"https:\/\/mavvo.com.tr\/blog\/e-faturada-ilac-ve-tibbi-cihazlar-icin-yeni-donem-gibin-teknik-sartlari-ve-dia-erp\/\">e-Fatura<\/a> ve e-Ar\u015fiv s\u00fcre\u00e7lerini tek panel \u00fczerinden y\u00f6netme imk\u00e2n\u0131 sunar. Bu sayede i\u015fletmeler:<\/p>\n\n\n\n<ul class=\"wp-block-list\">\n<li>Fatura s\u00fcre\u00e7lerini otomatikle\u015ftirir<\/li>\n\n\n\n<li>Manuel hatalar\u0131 azalt\u0131r<\/li>\n\n\n\n<li>T\u00fcm finansal verilerini tek bir platformda toplar<\/li>\n\n\n\n<li>Zamandan ve maliyetten tasarruf eder<\/li>\n<\/ul>\n\n\n\n<h3 class=\"wp-block-heading\"><strong>\u00d6zel entegrat\u00f6r kullanmak zorunlu mu?<\/strong><\/h3>\n\n\n\n<p>Hay\u0131r, zorunlu de\u011fildir. \u0130\u015fletmeler isterlerse Gelir \u0130daresi Ba\u015fkanl\u0131\u011f\u0131 portal\u0131n\u0131 kullanabilir. Ancak i\u015flem hacmi artt\u0131k\u00e7a \u00f6zel entegrat\u00f6rler daha pratik ve verimli bir \u00e7\u00f6z\u00fcm sunar. Bu noktada D\u0130A gibi platformlar i\u015fletmeler i\u00e7in \u00f6nemli avantajlar sa\u011flar.<\/p>\n\n\n\n<h3 class=\"wp-block-heading\"><strong>e-Fatura sistemine ge\u00e7i\u015f s\u00fcrecinde destek almak gerekli mi?<\/strong><\/h3>\n\n\n\n<p>Teknik olarak m\u00fcmk\u00fcn olsa da, \u00f6zellikle ilk ge\u00e7i\u015f s\u00fcrecinde profesyonel destek almak s\u00fcreci h\u0131zland\u0131r\u0131r ve hata riskini azalt\u0131r. Bu nedenle Mavvo Bili\u015fim gibi <a href=\"https:\/\/mavvo.com.tr\/blog\/erp-danismanligi-nedir\/\" data-internallinksmanager029f6b8e52c=\"32\" title=\"ERP Dan\u0131\u015fmanl\u0131\u011f\u0131 Nedir?\">uzman<\/a> firmalarla \u00e7al\u0131\u015fmak, ge\u00e7i\u015fin sorunsuz tamamlanmas\u0131na katk\u0131 sa\u011flar.<\/p>\n\n\n\n<h3 class=\"wp-block-heading\"><strong>e-Ar\u015fiv ve e-Fatura sistemleri k\u00fc\u00e7\u00fck i\u015fletmeler i\u00e7in uygun mu?<\/strong><\/h3>\n\n\n\n<p>Evet, g\u00fcn\u00fcm\u00fczde bu sistemler sadece b\u00fcy\u00fck i\u015fletmeler i\u00e7in de\u011fil, k\u00fc\u00e7\u00fck ve orta \u00f6l\u00e7ekli i\u015fletmeler i\u00e7in de uygundur. Hatta dijitalle\u015fme s\u00fcrecine erken adapte olan i\u015fletmeler rekabette \u00f6nemli avantaj elde eder.<\/p>\n\n\n<div class=\"kk-star-ratings kksr-auto kksr-align-center kksr-valign-bottom\"\n    data-payload='{&quot;align&quot;:&quot;center&quot;,&quot;id&quot;:&quot;7714&quot;,&quot;slug&quot;:&quot;default&quot;,&quot;valign&quot;:&quot;bottom&quot;,&quot;ignore&quot;:&quot;&quot;,&quot;reference&quot;:&quot;auto&quot;,&quot;class&quot;:&quot;&quot;,&quot;count&quot;:&quot;0&quot;,&quot;legendonly&quot;:&quot;&quot;,&quot;readonly&quot;:&quot;&quot;,&quot;score&quot;:&quot;0&quot;,&quot;starsonly&quot;:&quot;&quot;,&quot;best&quot;:&quot;5&quot;,&quot;gap&quot;:&quot;5&quot;,&quot;greet&quot;:&quot;\u0130\u00e7eri\u011fi Oyla&quot;,&quot;legend&quot;:&quot;0\\\/5 - (0 votes)&quot;,&quot;size&quot;:&quot;24&quot;,&quot;title&quot;:&quot;e-Ar\u015fiv ve e-Fatura Rehberi: \u0130mza Zorunlulu\u011fundan Ge\u00e7i\u015f S\u00fcrecine Kadar Bilinmesi Gerekenler&quot;,&quot;width&quot;:&quot;0&quot;,&quot;_legend&quot;:&quot;{score}\\\/{best} - ({count} {votes})&quot;,&quot;font_factor&quot;:&quot;1.25&quot;}'>\n            \n<div class=\"kksr-stars\">\n    \n<div class=\"kksr-stars-inactive\">\n            <div class=\"kksr-star\" data-star=\"1\" style=\"padding-right: 5px\">\n            \n\n<div class=\"kksr-icon\" style=\"width: 24px; height: 24px;\"><\/div>\n        <\/div>\n            <div class=\"kksr-star\" data-star=\"2\" style=\"padding-right: 5px\">\n            \n\n<div class=\"kksr-icon\" style=\"width: 24px; height: 24px;\"><\/div>\n        <\/div>\n            <div class=\"kksr-star\" data-star=\"3\" style=\"padding-right: 5px\">\n            \n\n<div class=\"kksr-icon\" style=\"width: 24px; height: 24px;\"><\/div>\n        <\/div>\n            <div class=\"kksr-star\" data-star=\"4\" style=\"padding-right: 5px\">\n            \n\n<div class=\"kksr-icon\" style=\"width: 24px; height: 24px;\"><\/div>\n        <\/div>\n            <div class=\"kksr-star\" data-star=\"5\" style=\"padding-right: 5px\">\n            \n\n<div class=\"kksr-icon\" style=\"width: 24px; height: 24px;\"><\/div>\n        <\/div>\n    <\/div>\n    \n<div class=\"kksr-stars-active\" style=\"width: 0px;\">\n            <div class=\"kksr-star\" style=\"padding-right: 5px\">\n            \n\n<div class=\"kksr-icon\" style=\"width: 24px; height: 24px;\"><\/div>\n        <\/div>\n            <div class=\"kksr-star\" style=\"padding-right: 5px\">\n            \n\n<div class=\"kksr-icon\" style=\"width: 24px; height: 24px;\"><\/div>\n        <\/div>\n            <div class=\"kksr-star\" style=\"padding-right: 5px\">\n            \n\n<div class=\"kksr-icon\" style=\"width: 24px; height: 24px;\"><\/div>\n        <\/div>\n            <div class=\"kksr-star\" style=\"padding-right: 5px\">\n            \n\n<div class=\"kksr-icon\" style=\"width: 24px; height: 24px;\"><\/div>\n        <\/div>\n            <div class=\"kksr-star\" style=\"padding-right: 5px\">\n            \n\n<div class=\"kksr-icon\" style=\"width: 24px; height: 24px;\"><\/div>\n        <\/div>\n    <\/div>\n<\/div>\n                \n\n<div class=\"kksr-legend\" style=\"font-size: 19.2px;\">\n            <span class=\"kksr-muted\">\u0130\u00e7eri\u011fi Oyla<\/span>\n    <\/div>\n    <\/div>\n","protected":false},"excerpt":{"rendered":"<p>Dijital d\u00f6n\u00fc\u015f\u00fcm art\u0131k k\u00fc\u00e7\u00fck ve orta \u00f6l\u00e7ekli i\u015fletmelerin de g\u00fcndeminde. \u00d6zellikle muhasebe ve faturalama s\u00fcre\u00e7lerinde ya\u015fanan bu d\u00f6n\u00fc\u015f\u00fcm, i\u015fletmelerin hem zaman hem de maliyet a\u00e7\u0131s\u0131ndan \u00f6nemli avantajlar elde etmesini sa\u011fl\u0131yor. Bu d\u00f6n\u00fc\u015f\u00fcm\u00fcn en \u00f6nemli par\u00e7alar\u0131ndan biri ise e-Ar\u015fiv ve e-Fatura sistemleri. Ancak i\u015fin i\u00e7ine \u201cimza zorunlulu\u011fu\u201d, \u201cmali m\u00fch\u00fcr\u201d, \u201centegrat\u00f6r\u201d gibi kavramlar girince, bir\u00e7ok i\u015fletme sahibi [&hellip;]<\/p>\n","protected":false},"author":1,"featured_media":7715,"comment_status":"open","ping_status":"open","sticky":false,"template":"","format":"standard","meta":{"footnotes":""},"categories":[1,28,51,6,612],"tags":[537,690,726,32],"class_list":{"0":"post-7714","1":"post","2":"type-post","3":"status-publish","4":"format-standard","5":"has-post-thumbnail","7":"category-genel","8":"category-erp-programi","9":"category-muhasebe","10":"category-muhasebe-programlari","11":"category-technology","12":"tag-e-arsiv","13":"tag-e-fatura-2","14":"tag-muhasebe-programi","15":"tag-on-muhasebe-programlari"},"mb":[],"mfb_rest_fields":["title","gutenberg_elementor_mode"],"_links":{"self":[{"href":"https:\/\/mavvo.com.tr\/blog\/wp-json\/wp\/v2\/posts\/7714","targetHints":{"allow":["GET"]}}],"collection":[{"href":"https:\/\/mavvo.com.tr\/blog\/wp-json\/wp\/v2\/posts"}],"about":[{"href":"https:\/\/mavvo.com.tr\/blog\/wp-json\/wp\/v2\/types\/post"}],"author":[{"embeddable":true,"href":"https:\/\/mavvo.com.tr\/blog\/wp-json\/wp\/v2\/users\/1"}],"replies":[{"embeddable":true,"href":"https:\/\/mavvo.com.tr\/blog\/wp-json\/wp\/v2\/comments?post=7714"}],"version-history":[{"count":1,"href":"https:\/\/mavvo.com.tr\/blog\/wp-json\/wp\/v2\/posts\/7714\/revisions"}],"predecessor-version":[{"id":7717,"href":"https:\/\/mavvo.com.tr\/blog\/wp-json\/wp\/v2\/posts\/7714\/revisions\/7717"}],"wp:featuredmedia":[{"embeddable":true,"href":"https:\/\/mavvo.com.tr\/blog\/wp-json\/wp\/v2\/media\/7715"}],"wp:attachment":[{"href":"https:\/\/mavvo.com.tr\/blog\/wp-json\/wp\/v2\/media?parent=7714"}],"wp:term":[{"taxonomy":"category","embeddable":true,"href":"https:\/\/mavvo.com.tr\/blog\/wp-json\/wp\/v2\/categories?post=7714"},{"taxonomy":"post_tag","embeddable":true,"href":"https:\/\/mavvo.com.tr\/blog\/wp-json\/wp\/v2\/tags?post=7714"}],"curies":[{"name":"wp","href":"https:\/\/api.w.org\/{rel}","templated":true}]}}